{"id":1387,"date":"2026-01-28T09:29:00","date_gmt":"2026-01-28T09:29:00","guid":{"rendered":"https:\/\/www.amicsdelcamell.cat\/inici\/?p=1387"},"modified":"2026-01-27T09:32:52","modified_gmt":"2026-01-27T09:32:52","slug":"samarreta-exclusiva-del-45e-aniversari","status":"publish","type":"post","link":"http:\/\/www.amicsdelcamell.cat\/inici\/samarreta-exclusiva-del-45e-aniversari\/","title":{"rendered":"Samarreta exclusiva del 45\u00e8 aniversari"},"content":{"rendered":"\n<figure class=\"wp-block-image size-large\"><img loading=\"lazy\" width=\"819\" height=\"1024\" src=\"https:\/\/www.amicsdelcamell.cat\/wp-content\/uploads\/2026\/01\/Samarreta45-819x1024.png\" alt=\"\" class=\"wp-image-1388\" srcset=\"http:\/\/www.amicsdelcamell.cat\/wp-content\/uploads\/2026\/01\/Samarreta45-819x1024.png 819w, http:\/\/www.amicsdelcamell.cat\/wp-content\/uploads\/2026\/01\/Samarreta45-240x300.png 240w, http:\/\/www.amicsdelcamell.cat\/wp-content\/uploads\/2026\/01\/Samarreta45-768x960.png 768w, http:\/\/www.amicsdelcamell.cat\/wp-content\/uploads\/2026\/01\/Samarreta45.png 1080w\" sizes=\"(max-width: 709px) 85vw, (max-width: 909px) 67vw, (max-width: 984px) 61vw, (max-width: 1362px) 45vw, 600px\" \/><figcaption>Edici\u00f3 remember<\/figcaption><\/figure>\n\n\n\n<p>Ja la tenim aqu\u00ed! <\/p>\n\n\n\n<p>La <strong>samarreta d\u2019edici\u00f3 limitada del 45\u00e8 aniversari del Camell<\/strong> ja \u00e9s una realitat.<\/p>\n\n\n\n<p>La trobareu a la <strong>paradeta de la Fira de la Candelera<\/strong>, <strong>fins a fi d\u2019exist\u00e8ncies<\/strong>. Si encara en queden, despr\u00e9s de la Fira tamb\u00e9 estar\u00e0 disponible als <strong>punts de venda habituals<\/strong>.<\/p>\n\n\n\n<p>No t\u2019adormis: \u00e9s una edici\u00f3 exclusiva i, quan s\u2019acabi, <strong>s\u2019haur\u00e0 acabat per sempre<\/strong>.<\/p>\n\n\n\n<p><\/p>\n","protected":false},"excerpt":{"rendered":"<p>Ja la tenim aqu\u00ed! La samarreta d\u2019edici\u00f3 limitada del 45\u00e8 aniversari del Camell ja \u00e9s una realitat. La trobareu a la paradeta de la Fira de la Candelera, fins a fi d\u2019exist\u00e8ncies. Si encara en queden, despr\u00e9s de la Fira tamb\u00e9 estar\u00e0 disponible als punts de venda habituals. No t\u2019adormis: \u00e9s una edici\u00f3 exclusiva i, &hellip; <a href=\"http:\/\/www.amicsdelcamell.cat\/inici\/samarreta-exclusiva-del-45e-aniversari\/\" class=\"more-link\">Continua llegint <span class=\"screen-reader-text\">\u00abSamarreta exclusiva del 45\u00e8 aniversari\u00bb<\/span><\/a><\/p>\n","protected":false},"author":2,"featured_media":0,"comment_status":"closed","ping_status":"closed","sticky":false,"template":"","format":"standard","meta":[],"categories":[1],"tags":[],"_links":{"self":[{"href":"http:\/\/www.amicsdelcamell.cat\/inici\/wp-json\/wp\/v2\/posts\/1387"}],"collection":[{"href":"http:\/\/www.amicsdelcamell.cat\/inici\/wp-json\/wp\/v2\/posts"}],"about":[{"href":"http:\/\/www.amicsdelcamell.cat\/inici\/wp-json\/wp\/v2\/types\/post"}],"author":[{"embeddable":true,"href":"http:\/\/www.amicsdelcamell.cat\/inici\/wp-json\/wp\/v2\/users\/2"}],"replies":[{"embeddable":true,"href":"http:\/\/www.amicsdelcamell.cat\/inici\/wp-json\/wp\/v2\/comments?post=1387"}],"version-history":[{"count":1,"href":"http:\/\/www.amicsdelcamell.cat\/inici\/wp-json\/wp\/v2\/posts\/1387\/revisions"}],"predecessor-version":[{"id":1389,"href":"http:\/\/www.amicsdelcamell.cat\/inici\/wp-json\/wp\/v2\/posts\/1387\/revisions\/1389"}],"wp:attachment":[{"href":"http:\/\/www.amicsdelcamell.cat\/inici\/wp-json\/wp\/v2\/media?parent=1387"}],"wp:term":[{"taxonomy":"category","embeddable":true,"href":"http:\/\/www.amicsdelcamell.cat\/inici\/wp-json\/wp\/v2\/categories?post=1387"},{"taxonomy":"post_tag","embeddable":true,"href":"http:\/\/www.amicsdelcamell.cat\/inici\/wp-json\/wp\/v2\/tags?post=1387"}],"curies":[{"name":"wp","href":"https:\/\/api.w.org\/{rel}","templated":true}]}}