{"id":1364,"date":"2025-08-24T15:01:46","date_gmt":"2025-08-24T15:01:46","guid":{"rendered":"https:\/\/www.amicsdelcamell.cat\/inici\/?p=1364"},"modified":"2025-08-25T08:41:17","modified_gmt":"2025-08-25T08:41:17","slug":"actes-camellaires-festa-major-sant-miquel-2025","status":"publish","type":"post","link":"http:\/\/www.amicsdelcamell.cat\/inici\/actes-camellaires-festa-major-sant-miquel-2025\/","title":{"rendered":"Actes camellaires Festa Major Sant Miquel 2025"},"content":{"rendered":"\n<p>La Festa Major de Sant Miquel 2025 ja truca a la porta i du amb ella els actes camellaires m\u00e9s esperats! Un any m\u00e9s, la b\u00e8stia torna a sortir al carrer per omplir Molins de Rei de p\u00f3lvora, m\u00fasica i emoci\u00f3. Tant petits com grans podreu gaudir moments \u00fanics carregats de disbauxa. <\/p>\n\n\n\n<p>A continuaci\u00f3 trobareu tota la informaci\u00f3 dels actes del Camell per aquesta Festa Major. <\/p>\n\n\n\n<h2 class=\"has-text-align-center\"><span style=\"color:#ff8000\" class=\"has-inline-color\">Actes de foc<\/span><\/h2>\n\n\n\n<div class=\"wp-block-columns\">\n<div class=\"wp-block-column\">\n<h2>Correcuita del Camell i Sarau d&#8217;Espurnes<\/h2>\n\n\n\n<figure class=\"wp-block-image size-large\"><img loading=\"lazy\" width=\"819\" height=\"1024\" src=\"https:\/\/www.amicsdelcamell.cat\/wp-content\/uploads\/2025\/08\/CartellFM2025-2-819x1024.jpg\" alt=\"\" class=\"wp-image-1367\" srcset=\"http:\/\/www.amicsdelcamell.cat\/wp-content\/uploads\/2025\/08\/CartellFM2025-2-819x1024.jpg 819w, http:\/\/www.amicsdelcamell.cat\/wp-content\/uploads\/2025\/08\/CartellFM2025-2-240x300.jpg 240w, http:\/\/www.amicsdelcamell.cat\/wp-content\/uploads\/2025\/08\/CartellFM2025-2-768x960.jpg 768w, http:\/\/www.amicsdelcamell.cat\/wp-content\/uploads\/2025\/08\/CartellFM2025-2.jpg 1080w\" sizes=\"(max-width: 709px) 85vw, (max-width: 909px) 67vw, (max-width: 984px) 61vw, (max-width: 1362px) 45vw, 600px\" \/><\/figure>\n\n\n\n<p><strong>Data: <\/strong>27 &#8211; 09 &#8211; 2025<\/p>\n\n\n\n<p><strong>Hora i lloc: <\/strong>Inici a 2\/4 de 21 h del vespre a la pla\u00e7a de la Vila. <\/p>\n\n\n\n<p>Com cada any, el Camell baixar\u00e0 pel carrer\u00f3 al ritme de <em>\u201cLa Pres\u00f3 del Rei de Fran\u00e7a\u201d<\/em> de la Companyia El\u00e8ctrica Dharma empaitant la pla\u00e7a plena de barrets. <\/p>\n\n\n\n<p><a href=\"https:\/\/www.amicsdelcamell.cat\/inici\/normativa\/\" data-type=\"page\" data-id=\"20\">Consulteu-ne el recorregut i la normativa de seguretat. <\/a><\/p>\n<\/div>\n\n\n\n<div class=\"wp-block-column\">\n<h2>Matines del Camell<\/h2>\n\n\n\n<figure class=\"wp-block-image size-large\"><img loading=\"lazy\" width=\"819\" height=\"1024\" src=\"https:\/\/www.amicsdelcamell.cat\/wp-content\/uploads\/2025\/08\/CartellFM2025-3-819x1024.jpg\" alt=\"\" class=\"wp-image-1368\" srcset=\"http:\/\/www.amicsdelcamell.cat\/wp-content\/uploads\/2025\/08\/CartellFM2025-3-819x1024.jpg 819w, http:\/\/www.amicsdelcamell.cat\/wp-content\/uploads\/2025\/08\/CartellFM2025-3-240x300.jpg 240w, http:\/\/www.amicsdelcamell.cat\/wp-content\/uploads\/2025\/08\/CartellFM2025-3-768x960.jpg 768w, http:\/\/www.amicsdelcamell.cat\/wp-content\/uploads\/2025\/08\/CartellFM2025-3.jpg 1080w\" sizes=\"(max-width: 709px) 85vw, (max-width: 909px) 67vw, (max-width: 984px) 61vw, (max-width: 1362px) 45vw, 600px\" \/><\/figure>\n\n\n\n<p><strong>Data: <\/strong>29 &#8211; 09 &#8211; 2025<\/p>\n\n\n\n<p><strong>Hora i lloc: <\/strong>Inici a les 6 h a la pla\u00e7a de la Vila. <\/p>\n\n\n\n<p>La matinada del dia de Sant Miquel, el Camell sortir\u00e0 a empaitar els culs dels molinencs i molinenques per celebrar la diada. <\/p>\n\n\n\n<p><a href=\"https:\/\/www.amicsdelcamell.cat\/inici\/normativa\/\" data-type=\"page\" data-id=\"20\">Consulteu-ne el recorregut i la normativa de seguretat. <\/a><\/p>\n<\/div>\n\n\n\n<div class=\"wp-block-column\">\n<h2>Correcuita PETIT Camell<\/h2>\n\n\n\n<figure class=\"wp-block-image size-large\"><img loading=\"lazy\" width=\"819\" height=\"1024\" src=\"https:\/\/www.amicsdelcamell.cat\/wp-content\/uploads\/2025\/08\/CartellFM2025-6-819x1024.jpg\" alt=\"\" class=\"wp-image-1369\" srcset=\"http:\/\/www.amicsdelcamell.cat\/wp-content\/uploads\/2025\/08\/CartellFM2025-6-819x1024.jpg 819w, http:\/\/www.amicsdelcamell.cat\/wp-content\/uploads\/2025\/08\/CartellFM2025-6-240x300.jpg 240w, http:\/\/www.amicsdelcamell.cat\/wp-content\/uploads\/2025\/08\/CartellFM2025-6-768x960.jpg 768w, http:\/\/www.amicsdelcamell.cat\/wp-content\/uploads\/2025\/08\/CartellFM2025-6.jpg 1080w\" sizes=\"(max-width: 709px) 85vw, (max-width: 909px) 67vw, (max-width: 984px) 61vw, (max-width: 1362px) 45vw, 600px\" \/><\/figure>\n\n\n\n<p><strong>Data: <\/strong>27 &#8211; 09 &#8211; 2025<\/p>\n\n\n\n<p><strong>Hora i lloc: <\/strong>Inici a les 17 h de la tarda a la pla\u00e7a de la Vila. <\/p>\n\n\n\n<p>El Petit Camell sortir\u00e0 del carrer\u00f3 del Camell per fer el seu Correcuita infantil imitant els moviments i din\u00e0miques del Camell. <\/p>\n\n\n\n<p><a href=\"https:\/\/www.amicsdelcamell.cat\/inici\/petitcamell\/\" data-type=\"page\" data-id=\"28\">Consulteu-ne el recorregut i la normativa de seguretat. <\/a><\/p>\n<\/div>\n<\/div>\n\n\n\n<h2 class=\"has-text-align-center\"><span style=\"color:#ff8000\" class=\"has-inline-color\">Actes infantils<\/span><\/h2>\n\n\n\n<div class=\"wp-block-columns\">\n<div class=\"wp-block-column\">\n<h2>Desperta el Camell<\/h2>\n\n\n\n<figure class=\"wp-block-image size-large\"><img loading=\"lazy\" width=\"819\" height=\"1024\" src=\"https:\/\/www.amicsdelcamell.cat\/wp-content\/uploads\/2025\/08\/CartellFM2025-4-819x1024.jpg\" alt=\"\" class=\"wp-image-1370\" srcset=\"http:\/\/www.amicsdelcamell.cat\/wp-content\/uploads\/2025\/08\/CartellFM2025-4-819x1024.jpg 819w, http:\/\/www.amicsdelcamell.cat\/wp-content\/uploads\/2025\/08\/CartellFM2025-4-240x300.jpg 240w, http:\/\/www.amicsdelcamell.cat\/wp-content\/uploads\/2025\/08\/CartellFM2025-4-768x960.jpg 768w, http:\/\/www.amicsdelcamell.cat\/wp-content\/uploads\/2025\/08\/CartellFM2025-4.jpg 1080w\" sizes=\"(max-width: 709px) 85vw, (max-width: 909px) 67vw, (max-width: 984px) 61vw, (max-width: 1362px) 45vw, 600px\" \/><\/figure>\n\n\n\n<p><strong>Data: <\/strong>20 &#8211; 09 &#8211; 2025<\/p>\n\n\n\n<p><strong>Hora: <\/strong>De 10 h a 13:30 h <\/p>\n\n\n\n<p><strong>Lloc: <\/strong>Pati de Ca n&#8217;Ametller. <\/p>\n\n\n\n<p>Matinal d&#8217;activitats amb el Camell com a centre d&#8217;inter\u00e8s per despertar la b\u00e8stia abans de la Festa Major. <\/p>\n\n\n\n<p><strong>Preu<\/strong>: 3 \u20ac per infant (activitats + obsequi exclusiu)<\/p>\n\n\n\n<p>No et perdis el <strong>vermut musical a les 12h! <\/strong>Compra els cartons a la barra i guanya!<\/p>\n<\/div>\n\n\n\n<div class=\"wp-block-column\">\n<h2>Dona el Xumet al Camell<\/h2>\n\n\n\n<figure class=\"wp-block-image size-large\"><img loading=\"lazy\" width=\"819\" height=\"1024\" src=\"https:\/\/www.amicsdelcamell.cat\/wp-content\/uploads\/2025\/08\/Insta_XUMET-819x1024.jpg\" alt=\"\" class=\"wp-image-1371\" srcset=\"http:\/\/www.amicsdelcamell.cat\/wp-content\/uploads\/2025\/08\/Insta_XUMET-819x1024.jpg 819w, http:\/\/www.amicsdelcamell.cat\/wp-content\/uploads\/2025\/08\/Insta_XUMET-240x300.jpg 240w, http:\/\/www.amicsdelcamell.cat\/wp-content\/uploads\/2025\/08\/Insta_XUMET-768x960.jpg 768w, http:\/\/www.amicsdelcamell.cat\/wp-content\/uploads\/2025\/08\/Insta_XUMET.jpg 1080w\" sizes=\"(max-width: 709px) 85vw, (max-width: 909px) 67vw, (max-width: 984px) 61vw, (max-width: 1362px) 45vw, 600px\" \/><\/figure>\n\n\n\n<p><strong>Data:<\/strong> 27 &#8211; 09 &#8211; 2025<\/p>\n\n\n\n<p><strong>Hora: <\/strong>D&#8217;11 h a 14 h <\/p>\n\n\n\n<p><strong>Lloc: <\/strong>Pla\u00e7a de la Llibertat. <\/p>\n\n\n\n<p>Els m\u00e9s menuts de la vila podran donar el seu xumet al Camell. Els infants que ho facin s&#8217;enduran un diploma en qu\u00e8 el Camell certifica que ja s&#8217;han fet grans i un detall exclusiu. <\/p>\n\n\n\n<p>A m\u00e9s a m\u00e9s, tamb\u00e9 podreu equipar-vos amb tot el necessari per als Correcuites del cap de setmana! <\/p>\n<\/div>\n<\/div>\n\n\n\n<figure class=\"wp-block-image size-large\"><img loading=\"lazy\" width=\"819\" height=\"1024\" src=\"https:\/\/www.amicsdelcamell.cat\/wp-content\/uploads\/2025\/08\/CartellFM2025-819x1024.jpg\" alt=\"\" class=\"wp-image-1372\" srcset=\"http:\/\/www.amicsdelcamell.cat\/wp-content\/uploads\/2025\/08\/CartellFM2025-819x1024.jpg 819w, http:\/\/www.amicsdelcamell.cat\/wp-content\/uploads\/2025\/08\/CartellFM2025-240x300.jpg 240w, http:\/\/www.amicsdelcamell.cat\/wp-content\/uploads\/2025\/08\/CartellFM2025-768x960.jpg 768w, http:\/\/www.amicsdelcamell.cat\/wp-content\/uploads\/2025\/08\/CartellFM2025.jpg 1080w\" sizes=\"(max-width: 709px) 85vw, (max-width: 909px) 67vw, (max-width: 984px) 61vw, (max-width: 1362px) 45vw, 600px\" \/><figcaption>Cartell dels actes del Camell per la Festa Major de Sant Miquel 2025. <\/figcaption><\/figure>\n\n\n\n<p><\/p>\n","protected":false},"excerpt":{"rendered":"<p>La Festa Major de Sant Miquel 2025 ja truca a la porta i du amb ella els actes camellaires m\u00e9s esperats! Un any m\u00e9s, la b\u00e8stia torna a sortir al carrer per omplir Molins de Rei de p\u00f3lvora, m\u00fasica i emoci\u00f3. Tant petits com grans podreu gaudir moments \u00fanics carregats de disbauxa. A continuaci\u00f3 trobareu &hellip; <a href=\"http:\/\/www.amicsdelcamell.cat\/inici\/actes-camellaires-festa-major-sant-miquel-2025\/\" class=\"more-link\">Continua llegint <span class=\"screen-reader-text\">\u00abActes camellaires Festa Major Sant Miquel 2025\u00bb<\/span><\/a><\/p>\n","protected":false},"author":2,"featured_media":0,"comment_status":"closed","ping_status":"closed","sticky":false,"template":"","format":"standard","meta":[],"categories":[1],"tags":[],"_links":{"self":[{"href":"http:\/\/www.amicsdelcamell.cat\/inici\/wp-json\/wp\/v2\/posts\/1364"}],"collection":[{"href":"http:\/\/www.amicsdelcamell.cat\/inici\/wp-json\/wp\/v2\/posts"}],"about":[{"href":"http:\/\/www.amicsdelcamell.cat\/inici\/wp-json\/wp\/v2\/types\/post"}],"author":[{"embeddable":true,"href":"http:\/\/www.amicsdelcamell.cat\/inici\/wp-json\/wp\/v2\/users\/2"}],"replies":[{"embeddable":true,"href":"http:\/\/www.amicsdelcamell.cat\/inici\/wp-json\/wp\/v2\/comments?post=1364"}],"version-history":[{"count":7,"href":"http:\/\/www.amicsdelcamell.cat\/inici\/wp-json\/wp\/v2\/posts\/1364\/revisions"}],"predecessor-version":[{"id":1377,"href":"http:\/\/www.amicsdelcamell.cat\/inici\/wp-json\/wp\/v2\/posts\/1364\/revisions\/1377"}],"wp:attachment":[{"href":"http:\/\/www.amicsdelcamell.cat\/inici\/wp-json\/wp\/v2\/media?parent=1364"}],"wp:term":[{"taxonomy":"category","embeddable":true,"href":"http:\/\/www.amicsdelcamell.cat\/inici\/wp-json\/wp\/v2\/categories?post=1364"},{"taxonomy":"post_tag","embeddable":true,"href":"http:\/\/www.amicsdelcamell.cat\/inici\/wp-json\/wp\/v2\/tags?post=1364"}],"curies":[{"name":"wp","href":"https:\/\/api.w.org\/{rel}","templated":true}]}}