{"id":1360,"date":"2025-04-13T15:25:35","date_gmt":"2025-04-13T15:25:35","guid":{"rendered":"https:\/\/www.amicsdelcamell.cat\/inici\/?p=1360"},"modified":"2025-04-13T15:25:35","modified_gmt":"2025-04-13T15:25:35","slug":"torna-el-peluix","status":"publish","type":"post","link":"http:\/\/www.amicsdelcamell.cat\/inici\/torna-el-peluix\/","title":{"rendered":"Torna el peluix!"},"content":{"rendered":"\n<p>Camellaires! Ja soc aqu\u00ed! <\/p>\n\n\n\n<p>Despr\u00e9s de m\u00e9s de dos anys i mig desaparegut, el m\u00edtic <em>peluix del Camell<\/em> torna a fer aparici\u00f3 aquest <strong>Sant Jordi 2025<\/strong>. I ho fa amb m\u00e9s for\u00e7a que mai!<\/p>\n\n\n\n<p>El podreu trobar a la <strong>Fira del Llibre en Catal\u00e0<\/strong>, a la <strong>carpa dels Amics del Camell<\/strong>, de <strong>10h a 20h<\/strong>. Una oportunitat \u00fanica per retrobar-vos amb aquest tros de b\u00e8stia en versi\u00f3 abra\u00e7able. No us quedeu sense!<\/p>\n\n\n\n<figure class=\"wp-block-image size-large\"><img loading=\"lazy\" width=\"1024\" height=\"1024\" src=\"https:\/\/www.amicsdelcamell.cat\/wp-content\/uploads\/2025\/04\/PromoPeluix_Instagram-1024x1024.png\" alt=\"\" class=\"wp-image-1362\" srcset=\"http:\/\/www.amicsdelcamell.cat\/wp-content\/uploads\/2025\/04\/PromoPeluix_Instagram-1024x1024.png 1024w, http:\/\/www.amicsdelcamell.cat\/wp-content\/uploads\/2025\/04\/PromoPeluix_Instagram-300x300.png 300w, http:\/\/www.amicsdelcamell.cat\/wp-content\/uploads\/2025\/04\/PromoPeluix_Instagram-150x150.png 150w, http:\/\/www.amicsdelcamell.cat\/wp-content\/uploads\/2025\/04\/PromoPeluix_Instagram-768x768.png 768w, http:\/\/www.amicsdelcamell.cat\/wp-content\/uploads\/2025\/04\/PromoPeluix_Instagram.png 1080w\" sizes=\"(max-width: 709px) 85vw, (max-width: 909px) 67vw, (max-width: 1362px) 62vw, 840px\" \/><\/figure>\n\n\n\n<p>I si aquell dia no podeu venir, no patiu! A partir del <strong>24 d\u2019abril<\/strong>, el trobareu tot l\u2019any als punts de venda habituals:<\/p>\n\n\n\n<p>\ud83d\udccd <strong>Estanc Margarit<\/strong> (passeig Pi i Margall)<\/p>\n\n\n\n<p>\ud83d\udccd <strong>Tr\u00e0fecs<\/strong> (carrer Rafael Casanova)<\/p>\n\n\n\n<p><strong>#tornaelpeluix #camellmolins #somcamell #femelcamell #santjordi2025 #focfocfoc<\/strong><\/p>\n","protected":false},"excerpt":{"rendered":"<p>Camellaires! Ja soc aqu\u00ed! Despr\u00e9s de m\u00e9s de dos anys i mig desaparegut, el m\u00edtic peluix del Camell torna a fer aparici\u00f3 aquest Sant Jordi 2025. I ho fa amb m\u00e9s for\u00e7a que mai! El podreu trobar a la Fira del Llibre en Catal\u00e0, a la carpa dels Amics del Camell, de 10h a 20h. &hellip; <a href=\"http:\/\/www.amicsdelcamell.cat\/inici\/torna-el-peluix\/\" class=\"more-link\">Continua llegint <span class=\"screen-reader-text\">\u00abTorna el peluix!\u00bb<\/span><\/a><\/p>\n","protected":false},"author":2,"featured_media":0,"comment_status":"closed","ping_status":"closed","sticky":false,"template":"","format":"standard","meta":[],"categories":[1],"tags":[],"_links":{"self":[{"href":"http:\/\/www.amicsdelcamell.cat\/inici\/wp-json\/wp\/v2\/posts\/1360"}],"collection":[{"href":"http:\/\/www.amicsdelcamell.cat\/inici\/wp-json\/wp\/v2\/posts"}],"about":[{"href":"http:\/\/www.amicsdelcamell.cat\/inici\/wp-json\/wp\/v2\/types\/post"}],"author":[{"embeddable":true,"href":"http:\/\/www.amicsdelcamell.cat\/inici\/wp-json\/wp\/v2\/users\/2"}],"replies":[{"embeddable":true,"href":"http:\/\/www.amicsdelcamell.cat\/inici\/wp-json\/wp\/v2\/comments?post=1360"}],"version-history":[{"count":2,"href":"http:\/\/www.amicsdelcamell.cat\/inici\/wp-json\/wp\/v2\/posts\/1360\/revisions"}],"predecessor-version":[{"id":1363,"href":"http:\/\/www.amicsdelcamell.cat\/inici\/wp-json\/wp\/v2\/posts\/1360\/revisions\/1363"}],"wp:attachment":[{"href":"http:\/\/www.amicsdelcamell.cat\/inici\/wp-json\/wp\/v2\/media?parent=1360"}],"wp:term":[{"taxonomy":"category","embeddable":true,"href":"http:\/\/www.amicsdelcamell.cat\/inici\/wp-json\/wp\/v2\/categories?post=1360"},{"taxonomy":"post_tag","embeddable":true,"href":"http:\/\/www.amicsdelcamell.cat\/inici\/wp-json\/wp\/v2\/tags?post=1360"}],"curies":[{"name":"wp","href":"https:\/\/api.w.org\/{rel}","templated":true}]}}