{"id":1258,"date":"2025-01-19T12:34:37","date_gmt":"2025-01-19T12:34:37","guid":{"rendered":"http:\/\/www.amicsdelcamell.cat\/inici\/?p=1258"},"modified":"2025-01-19T12:34:38","modified_gmt":"2025-01-19T12:34:38","slug":"ball-del-camell-i-empaitaculs-2025","status":"publish","type":"post","link":"http:\/\/www.amicsdelcamell.cat\/inici\/ball-del-camell-i-empaitaculs-2025\/","title":{"rendered":"Ball del Camell i Empaitaculs 2025"},"content":{"rendered":"\n<p>El moment m\u00e9s esperat pels Amics del Camell s\u2019acosta! El <strong>Ball del Camell<\/strong> i l\u2019<strong>Empaitaculs de Carnaval<\/strong> estan a punt d\u2019arribar!<\/p>\n\n\n\n<p>Enguany, el Carnaval se celebra poc despr\u00e9s de la nostra estimada <strong>Fira de la Candelera<\/strong>, que tindr\u00e0 lloc del <strong>31 de gener al 2 de febrer<\/strong>. Jo sortir\u00e9, com sempre, el <strong>diumenge 2 de mar\u00e7<\/strong> a <strong>2\/4 de 8 del vespre<\/strong>, des del <strong>carrer\u00f3 del Camell<\/strong> (Enric Granados). El <strong>Petit Camell <\/strong>far\u00e0 el seu Ball i Empaitaculs infantils el mateix <strong>diumenge, 2 de mar\u00e7 a les 12\u202fh del migdia. <\/strong>Preparats per viure una nit plena de foc, gresca i emoci\u00f3?<\/p>\n\n\n\n<div class=\"wp-block-columns\">\n<div class=\"wp-block-column\">\n<figure class=\"wp-block-image size-large\"><a href=\"http:\/\/www.amicsdelcamell.cat\/wp-content\/uploads\/2023\/06\/RecorregutCARNAVALweb-1536x864.png\" target=\"_blank\" rel=\"noopener\"><img loading=\"lazy\" width=\"1024\" height=\"576\" src=\"http:\/\/www.amicsdelcamell.cat\/wp-content\/uploads\/2023\/06\/RecorregutCARNAVALweb-1024x576.png\" alt=\"\" class=\"wp-image-1084\" srcset=\"http:\/\/www.amicsdelcamell.cat\/wp-content\/uploads\/2023\/06\/RecorregutCARNAVALweb-1024x576.png 1024w, http:\/\/www.amicsdelcamell.cat\/wp-content\/uploads\/2023\/06\/RecorregutCARNAVALweb-300x169.png 300w, http:\/\/www.amicsdelcamell.cat\/wp-content\/uploads\/2023\/06\/RecorregutCARNAVALweb-768x432.png 768w, http:\/\/www.amicsdelcamell.cat\/wp-content\/uploads\/2023\/06\/RecorregutCARNAVALweb-1536x864.png 1536w, http:\/\/www.amicsdelcamell.cat\/wp-content\/uploads\/2023\/06\/RecorregutCARNAVALweb-2048x1152.png 2048w, http:\/\/www.amicsdelcamell.cat\/wp-content\/uploads\/2023\/06\/RecorregutCARNAVALweb-1200x675.png 1200w\" sizes=\"(max-width: 709px) 85vw, (max-width: 909px) 67vw, (max-width: 1362px) 62vw, 840px\" \/><\/a><figcaption>Recorregut de l&#8217;Empaitaculs<\/figcaption><\/figure>\n<\/div>\n\n\n\n<div class=\"wp-block-column\">\n<figure class=\"wp-block-image size-large\"><a href=\"http:\/\/www.amicsdelcamell.cat\/inici\/normativa\/\" target=\"_blank\" rel=\"noopener\"><img loading=\"lazy\" width=\"724\" height=\"1024\" src=\"http:\/\/www.amicsdelcamell.cat\/wp-content\/uploads\/2024\/07\/CartellNormativa_FM-724x1024.png\" alt=\"\" class=\"wp-image-1237\" srcset=\"http:\/\/www.amicsdelcamell.cat\/wp-content\/uploads\/2024\/07\/CartellNormativa_FM-724x1024.png 724w, http:\/\/www.amicsdelcamell.cat\/wp-content\/uploads\/2024\/07\/CartellNormativa_FM-212x300.png 212w, http:\/\/www.amicsdelcamell.cat\/wp-content\/uploads\/2024\/07\/CartellNormativa_FM-768x1086.png 768w, http:\/\/www.amicsdelcamell.cat\/wp-content\/uploads\/2024\/07\/CartellNormativa_FM-1086x1536.png 1086w, http:\/\/www.amicsdelcamell.cat\/wp-content\/uploads\/2024\/07\/CartellNormativa_FM-1200x1697.png 1200w, http:\/\/www.amicsdelcamell.cat\/wp-content\/uploads\/2024\/07\/CartellNormativa_FM.png 1414w\" sizes=\"(max-width: 709px) 85vw, (max-width: 909px) 67vw, (max-width: 984px) 61vw, (max-width: 1362px) 45vw, 600px\" \/><\/a><figcaption>Normativa de Seguretat<\/figcaption><\/figure>\n<\/div>\n<\/div>\n\n\n\n<p>Potser heu sentit rumors sobre el meu <strong>nou look<\/strong> d\u2019aquest Carnaval. De qu\u00e8 em disfressar\u00e9? O potser prefereixo sorprendre-us d\u2019una altra manera? Haureu d\u2019esperar fins al dia 2 de mar\u00e7 per descobrir-ho! \ud83d\udc40<\/p>\n\n\n\n<p>Per anar fent boca, aqu\u00ed teniu el <strong>cartell oficial dels meus actes de Carnaval<\/strong>, que segur que us encantar\u00e0. Prepareu-vos per un Carnaval ple de m\u00e0gia, diversi\u00f3 i tradici\u00f3 amb el Camell com a protagonista. Us hi espero! \ud83c\udfad\ud83d\udd25<\/p>\n\n\n\n<figure class=\"wp-block-image size-large\"><img loading=\"lazy\" width=\"819\" height=\"1024\" src=\"http:\/\/www.amicsdelcamell.cat\/wp-content\/uploads\/2025\/01\/CartellCarnaval2025-819x1024.png\" alt=\"\" class=\"wp-image-1259\" srcset=\"http:\/\/www.amicsdelcamell.cat\/wp-content\/uploads\/2025\/01\/CartellCarnaval2025-819x1024.png 819w, http:\/\/www.amicsdelcamell.cat\/wp-content\/uploads\/2025\/01\/CartellCarnaval2025-240x300.png 240w, http:\/\/www.amicsdelcamell.cat\/wp-content\/uploads\/2025\/01\/CartellCarnaval2025-768x960.png 768w, http:\/\/www.amicsdelcamell.cat\/wp-content\/uploads\/2025\/01\/CartellCarnaval2025.png 1080w\" sizes=\"(max-width: 709px) 85vw, (max-width: 909px) 67vw, (max-width: 984px) 61vw, (max-width: 1362px) 45vw, 600px\" \/><figcaption>Fotografies Bernat Hidalgo<\/figcaption><\/figure>\n\n\n\n<p><\/p>\n","protected":false},"excerpt":{"rendered":"<p>El moment m\u00e9s esperat pels Amics del Camell s\u2019acosta! El Ball del Camell i l\u2019Empaitaculs de Carnaval estan a punt d\u2019arribar! Enguany, el Carnaval se celebra poc despr\u00e9s de la nostra estimada Fira de la Candelera, que tindr\u00e0 lloc del 31 de gener al 2 de febrer. Jo sortir\u00e9, com sempre, el diumenge 2 de &hellip; <a href=\"http:\/\/www.amicsdelcamell.cat\/inici\/ball-del-camell-i-empaitaculs-2025\/\" class=\"more-link\">Continua llegint <span class=\"screen-reader-text\">\u00abBall del Camell i Empaitaculs 2025\u00bb<\/span><\/a><\/p>\n","protected":false},"author":2,"featured_media":0,"comment_status":"closed","ping_status":"closed","sticky":false,"template":"","format":"standard","meta":[],"categories":[1],"tags":[],"_links":{"self":[{"href":"http:\/\/www.amicsdelcamell.cat\/inici\/wp-json\/wp\/v2\/posts\/1258"}],"collection":[{"href":"http:\/\/www.amicsdelcamell.cat\/inici\/wp-json\/wp\/v2\/posts"}],"about":[{"href":"http:\/\/www.amicsdelcamell.cat\/inici\/wp-json\/wp\/v2\/types\/post"}],"author":[{"embeddable":true,"href":"http:\/\/www.amicsdelcamell.cat\/inici\/wp-json\/wp\/v2\/users\/2"}],"replies":[{"embeddable":true,"href":"http:\/\/www.amicsdelcamell.cat\/inici\/wp-json\/wp\/v2\/comments?post=1258"}],"version-history":[{"count":2,"href":"http:\/\/www.amicsdelcamell.cat\/inici\/wp-json\/wp\/v2\/posts\/1258\/revisions"}],"predecessor-version":[{"id":1262,"href":"http:\/\/www.amicsdelcamell.cat\/inici\/wp-json\/wp\/v2\/posts\/1258\/revisions\/1262"}],"wp:attachment":[{"href":"http:\/\/www.amicsdelcamell.cat\/inici\/wp-json\/wp\/v2\/media?parent=1258"}],"wp:term":[{"taxonomy":"category","embeddable":true,"href":"http:\/\/www.amicsdelcamell.cat\/inici\/wp-json\/wp\/v2\/categories?post=1258"},{"taxonomy":"post_tag","embeddable":true,"href":"http:\/\/www.amicsdelcamell.cat\/inici\/wp-json\/wp\/v2\/tags?post=1258"}],"curies":[{"name":"wp","href":"https:\/\/api.w.org\/{rel}","templated":true}]}}