{"id":1138,"date":"2024-01-27T16:15:43","date_gmt":"2024-01-27T16:15:43","guid":{"rendered":"http:\/\/www.amicsdelcamell.cat\/inici\/?p=1138"},"modified":"2024-01-27T17:43:47","modified_gmt":"2024-01-27T17:43:47","slug":"ball-del-camell-i-empaitaculs-2024","status":"publish","type":"post","link":"http:\/\/www.amicsdelcamell.cat\/inici\/ball-del-camell-i-empaitaculs-2024\/","title":{"rendered":"BALL DEL CAMELL I EMPAITACULS 2024"},"content":{"rendered":"\n<p>Cada vegada som m\u00e9s a prop de l&#8217;esdeveniment m\u00e9s tradicional dels Amics del Camell. El Ball del Camell i l&#8217;Empaitaculs de Carnaval.&nbsp;<\/p>\n\n\n\n<p>Enguany el Carnaval cau just una setmana despr\u00e9s de la nostra estimada Fira de la Candelera, del 8 al 14 de febrer. I jo surto, evidentment, diumenge 11 de febrer a 2\/4 de 8 del vespre, des del carrer\u00f3 del Camell, com sempre.&nbsp;<\/p>\n\n\n\n<p>Aquest any hi haur\u00e0 alguna novetat a la pla\u00e7a durant la sortida, per\u00f2 tamb\u00e9 trobareu alguna cosa diferent en el meu&nbsp;<em>look<\/em>\u2026 De qu\u00e8 anir\u00e9 disfressat? O potser ja no hi vaig? Haureu d&#8217;esperar per veure-ho al dia 11!&nbsp;<\/p>\n\n\n\n<p>En qualsevol cas, aqu\u00ed us deixo el cartell d&#8217;aquest Carnaval, que segur que us encantar\u00e0.&nbsp;<\/p>\n\n\n\n<figure class=\"wp-block-image size-large is-style-default\"><img loading=\"lazy\" width=\"819\" height=\"1024\" src=\"http:\/\/www.amicsdelcamell.cat\/wp-content\/uploads\/2024\/01\/CartellCarnaval2024_BernatHidalgo-819x1024.png\" alt=\"\" class=\"wp-image-1139\" srcset=\"http:\/\/www.amicsdelcamell.cat\/wp-content\/uploads\/2024\/01\/CartellCarnaval2024_BernatHidalgo-819x1024.png 819w, http:\/\/www.amicsdelcamell.cat\/wp-content\/uploads\/2024\/01\/CartellCarnaval2024_BernatHidalgo-240x300.png 240w, http:\/\/www.amicsdelcamell.cat\/wp-content\/uploads\/2024\/01\/CartellCarnaval2024_BernatHidalgo-768x960.png 768w, http:\/\/www.amicsdelcamell.cat\/wp-content\/uploads\/2024\/01\/CartellCarnaval2024_BernatHidalgo.png 1080w\" sizes=\"(max-width: 709px) 85vw, (max-width: 909px) 67vw, (max-width: 984px) 61vw, (max-width: 1362px) 45vw, 600px\" \/><figcaption>Cartell Ball del Camell i Empaitaculs 2024 &#8211; Fotografia Bernat Hidalgo<\/figcaption><\/figure>\n","protected":false},"excerpt":{"rendered":"<p>Cada vegada som m\u00e9s a prop de l&#8217;esdeveniment m\u00e9s tradicional dels Amics del Camell. El Ball del Camell i l&#8217;Empaitaculs de Carnaval.&nbsp; Enguany el Carnaval cau just una setmana despr\u00e9s de la nostra estimada Fira de la Candelera, del 8 al 14 de febrer. I jo surto, evidentment, diumenge 11 de febrer a 2\/4 de &hellip; <a href=\"http:\/\/www.amicsdelcamell.cat\/inici\/ball-del-camell-i-empaitaculs-2024\/\" class=\"more-link\">Continua llegint <span class=\"screen-reader-text\">\u00abBALL DEL CAMELL I EMPAITACULS 2024\u00bb<\/span><\/a><\/p>\n","protected":false},"author":2,"featured_media":0,"comment_status":"closed","ping_status":"closed","sticky":false,"template":"","format":"standard","meta":[],"categories":[1],"tags":[27,12,26],"_links":{"self":[{"href":"http:\/\/www.amicsdelcamell.cat\/inici\/wp-json\/wp\/v2\/posts\/1138"}],"collection":[{"href":"http:\/\/www.amicsdelcamell.cat\/inici\/wp-json\/wp\/v2\/posts"}],"about":[{"href":"http:\/\/www.amicsdelcamell.cat\/inici\/wp-json\/wp\/v2\/types\/post"}],"author":[{"embeddable":true,"href":"http:\/\/www.amicsdelcamell.cat\/inici\/wp-json\/wp\/v2\/users\/2"}],"replies":[{"embeddable":true,"href":"http:\/\/www.amicsdelcamell.cat\/inici\/wp-json\/wp\/v2\/comments?post=1138"}],"version-history":[{"count":2,"href":"http:\/\/www.amicsdelcamell.cat\/inici\/wp-json\/wp\/v2\/posts\/1138\/revisions"}],"predecessor-version":[{"id":1141,"href":"http:\/\/www.amicsdelcamell.cat\/inici\/wp-json\/wp\/v2\/posts\/1138\/revisions\/1141"}],"wp:attachment":[{"href":"http:\/\/www.amicsdelcamell.cat\/inici\/wp-json\/wp\/v2\/media?parent=1138"}],"wp:term":[{"taxonomy":"category","embeddable":true,"href":"http:\/\/www.amicsdelcamell.cat\/inici\/wp-json\/wp\/v2\/categories?post=1138"},{"taxonomy":"post_tag","embeddable":true,"href":"http:\/\/www.amicsdelcamell.cat\/inici\/wp-json\/wp\/v2\/tags?post=1138"}],"curies":[{"name":"wp","href":"https:\/\/api.w.org\/{rel}","templated":true}]}}