{"id":1132,"date":"2024-01-27T16:09:26","date_gmt":"2024-01-27T16:09:26","guid":{"rendered":"http:\/\/www.amicsdelcamell.cat\/inici\/?p=1132"},"modified":"2024-01-27T16:18:10","modified_gmt":"2024-01-27T16:18:10","slug":"apadrina-una-carretilla","status":"publish","type":"post","link":"http:\/\/www.amicsdelcamell.cat\/inici\/apadrina-una-carretilla\/","title":{"rendered":"APADRINA UNA CARRETILLA"},"content":{"rendered":"\n<p>Aquesta Fira de la Candelera, si passes per l&#8217;estand, podr\u00e0s entrar al <strong>sorteig d&#8217;un fant\u00e0stic lot de productes de comer\u00e7os locals<\/strong> i una samarreta de l&#8217;entitat amb l&#8217;apadrinament d&#8217;una carretilla. <\/p>\n\n\n\n<figure class=\"wp-block-image size-large\"><img loading=\"lazy\" width=\"724\" height=\"1024\" src=\"http:\/\/www.amicsdelcamell.cat\/wp-content\/uploads\/2024\/01\/ApadrinaUnaCarretilla-724x1024.png\" alt=\"\" class=\"wp-image-1135\" srcset=\"http:\/\/www.amicsdelcamell.cat\/wp-content\/uploads\/2024\/01\/ApadrinaUnaCarretilla-724x1024.png 724w, http:\/\/www.amicsdelcamell.cat\/wp-content\/uploads\/2024\/01\/ApadrinaUnaCarretilla-212x300.png 212w, http:\/\/www.amicsdelcamell.cat\/wp-content\/uploads\/2024\/01\/ApadrinaUnaCarretilla-768x1086.png 768w, http:\/\/www.amicsdelcamell.cat\/wp-content\/uploads\/2024\/01\/ApadrinaUnaCarretilla-1086x1536.png 1086w, http:\/\/www.amicsdelcamell.cat\/wp-content\/uploads\/2024\/01\/ApadrinaUnaCarretilla-1200x1697.png 1200w, http:\/\/www.amicsdelcamell.cat\/wp-content\/uploads\/2024\/01\/ApadrinaUnaCarretilla.png 1414w\" sizes=\"(max-width: 709px) 85vw, (max-width: 909px) 67vw, (max-width: 984px) 61vw, (max-width: 1362px) 45vw, 600px\" \/><figcaption>Cartell de l&#8217;Apadrina una Carretilla &#8211; Fira de la Candelera 2024<\/figcaption><\/figure>\n\n\n\n<p>Cada carretilla apadrinada et donar\u00e0 dret a una participaci\u00f3 al sorteig i ens ajudar\u00e0 a continuar fent realitat el Sarau d&#8217;Espurnes de la pla\u00e7a de l&#8217;Ajuntament i la pla\u00e7a de la Creu. <\/p>\n\n\n\n<p>Per\u00f2 no nom\u00e9s aix\u00f2! Si no que amb una col\u00b7laboraci\u00f3 de 3\u20ac, podr\u00e0s posar el teu nom a una carretilla de la traca de la pla\u00e7a de l&#8217;Ajuntament i t&#8217;emportar\u00e0s a casa una carretilla original. <\/p>\n\n\n\n<p>Ens hi veurem? <\/p>\n","protected":false},"excerpt":{"rendered":"<p>Aquesta Fira de la Candelera, si passes per l&#8217;estand, podr\u00e0s entrar al sorteig d&#8217;un fant\u00e0stic lot de productes de comer\u00e7os locals i una samarreta de l&#8217;entitat amb l&#8217;apadrinament d&#8217;una carretilla. Cada carretilla apadrinada et donar\u00e0 dret a una participaci\u00f3 al sorteig i ens ajudar\u00e0 a continuar fent realitat el Sarau d&#8217;Espurnes de la pla\u00e7a de &hellip; <a href=\"http:\/\/www.amicsdelcamell.cat\/inici\/apadrina-una-carretilla\/\" class=\"more-link\">Continua llegint <span class=\"screen-reader-text\">\u00abAPADRINA UNA CARRETILLA\u00bb<\/span><\/a><\/p>\n","protected":false},"author":2,"featured_media":0,"comment_status":"closed","ping_status":"closed","sticky":false,"template":"","format":"standard","meta":[],"categories":[1],"tags":[25,24],"_links":{"self":[{"href":"http:\/\/www.amicsdelcamell.cat\/inici\/wp-json\/wp\/v2\/posts\/1132"}],"collection":[{"href":"http:\/\/www.amicsdelcamell.cat\/inici\/wp-json\/wp\/v2\/posts"}],"about":[{"href":"http:\/\/www.amicsdelcamell.cat\/inici\/wp-json\/wp\/v2\/types\/post"}],"author":[{"embeddable":true,"href":"http:\/\/www.amicsdelcamell.cat\/inici\/wp-json\/wp\/v2\/users\/2"}],"replies":[{"embeddable":true,"href":"http:\/\/www.amicsdelcamell.cat\/inici\/wp-json\/wp\/v2\/comments?post=1132"}],"version-history":[{"count":3,"href":"http:\/\/www.amicsdelcamell.cat\/inici\/wp-json\/wp\/v2\/posts\/1132\/revisions"}],"predecessor-version":[{"id":1137,"href":"http:\/\/www.amicsdelcamell.cat\/inici\/wp-json\/wp\/v2\/posts\/1132\/revisions\/1137"}],"wp:attachment":[{"href":"http:\/\/www.amicsdelcamell.cat\/inici\/wp-json\/wp\/v2\/media?parent=1132"}],"wp:term":[{"taxonomy":"category","embeddable":true,"href":"http:\/\/www.amicsdelcamell.cat\/inici\/wp-json\/wp\/v2\/categories?post=1132"},{"taxonomy":"post_tag","embeddable":true,"href":"http:\/\/www.amicsdelcamell.cat\/inici\/wp-json\/wp\/v2\/tags?post=1132"}],"curies":[{"name":"wp","href":"https:\/\/api.w.org\/{rel}","templated":true}]}}