{"id":1069,"date":"2023-05-28T09:31:44","date_gmt":"2023-05-28T09:31:44","guid":{"rendered":"http:\/\/www.amicsdelcamell.cat\/inici\/?p=1069"},"modified":"2023-05-28T09:31:45","modified_gmt":"2023-05-28T09:31:45","slug":"camell-league","status":"publish","type":"post","link":"http:\/\/www.amicsdelcamell.cat\/inici\/camell-league\/","title":{"rendered":"Camell League"},"content":{"rendered":"\n<p>Aquest cap de setmana l&#8217;entitat ha celebrat un torneig de futbol sala amb unes normes ben divertides i originals, amb equips formats per camellaires de totes les seccions: portadors, timbalers, diables, bombers, cuiners, suport&#8230;  <\/p>\n\n\n\n<p>Ha estat una jornada de cohesi\u00f3 molt divertida i necess\u00e0ria que tothom ha gaudit al m\u00e0xim. A continuaci\u00f3 teniu un resum! <\/p>\n\n\n\n<figure class=\"wp-block-embed is-type-video is-provider-tiktok wp-block-embed-tiktok\"><div class=\"wp-block-embed__wrapper\">\n<blockquote class=\"tiktok-embed\" cite=\"https:\/\/www.tiktok.com\/@camellmolins\/video\/7237901685878770970\" data-video-id=\"7237901685878770970\" data-embed-from=\"oembed\" style=\"max-width: 605px;min-width: 325px;\" > <section> <a target=\"_blank\" title=\"@camellmolins\" href=\"https:\/\/www.tiktok.com\/@camellmolins?refer=embed\">@camellmolins<\/a> <p>Avui els meus camellaires han gaudit de la Camell League! Un dia divertit i diferent per fer pinya. Doneu-li un parell d&#8217;anys que li far\u00e0 ombra a la Kings League.  Agafeu forces per Festa Major camellaires! \ud83d\udd25\ud83e\udde1  I si voleu gaudir-me abans, ens veurem l&#8217;1 de juliol a Cardedeu.  camellmolins somcamell focfocfoc somculturapopular femculturapopular culturapopularcatalana<\/p> <a target=\"_blank\" title=\"\u266c original sound - CamellMolins - CamellMolins\" href=\"https:\/\/www.tiktok.com\/music\/original-sound-CamellMolins-7237902153610791706?refer=embed\">\u266c original sound &#8211; CamellMolins &#8211; CamellMolins<\/a> <\/section> <\/blockquote> <script async src=\"https:\/\/www.tiktok.com\/embed.js\"><\/script>\n<\/div><\/figure>\n","protected":false},"excerpt":{"rendered":"<p>Aquest cap de setmana l&#8217;entitat ha celebrat un torneig de futbol sala amb unes normes ben divertides i originals, amb equips formats per camellaires de totes les seccions: portadors, timbalers, diables, bombers, cuiners, suport&#8230; Ha estat una jornada de cohesi\u00f3 molt divertida i necess\u00e0ria que tothom ha gaudit al m\u00e0xim. A continuaci\u00f3 teniu un resum!<\/p>\n","protected":false},"author":2,"featured_media":1073,"comment_status":"closed","ping_status":"closed","sticky":false,"template":"","format":"standard","meta":[],"categories":[1],"tags":[],"_links":{"self":[{"href":"http:\/\/www.amicsdelcamell.cat\/inici\/wp-json\/wp\/v2\/posts\/1069"}],"collection":[{"href":"http:\/\/www.amicsdelcamell.cat\/inici\/wp-json\/wp\/v2\/posts"}],"about":[{"href":"http:\/\/www.amicsdelcamell.cat\/inici\/wp-json\/wp\/v2\/types\/post"}],"author":[{"embeddable":true,"href":"http:\/\/www.amicsdelcamell.cat\/inici\/wp-json\/wp\/v2\/users\/2"}],"replies":[{"embeddable":true,"href":"http:\/\/www.amicsdelcamell.cat\/inici\/wp-json\/wp\/v2\/comments?post=1069"}],"version-history":[{"count":3,"href":"http:\/\/www.amicsdelcamell.cat\/inici\/wp-json\/wp\/v2\/posts\/1069\/revisions"}],"predecessor-version":[{"id":1074,"href":"http:\/\/www.amicsdelcamell.cat\/inici\/wp-json\/wp\/v2\/posts\/1069\/revisions\/1074"}],"wp:featuredmedia":[{"embeddable":true,"href":"http:\/\/www.amicsdelcamell.cat\/inici\/wp-json\/wp\/v2\/media\/1073"}],"wp:attachment":[{"href":"http:\/\/www.amicsdelcamell.cat\/inici\/wp-json\/wp\/v2\/media?parent=1069"}],"wp:term":[{"taxonomy":"category","embeddable":true,"href":"http:\/\/www.amicsdelcamell.cat\/inici\/wp-json\/wp\/v2\/categories?post=1069"},{"taxonomy":"post_tag","embeddable":true,"href":"http:\/\/www.amicsdelcamell.cat\/inici\/wp-json\/wp\/v2\/tags?post=1069"}],"curies":[{"name":"wp","href":"https:\/\/api.w.org\/{rel}","templated":true}]}}