{"id":1057,"date":"2023-08-29T09:18:00","date_gmt":"2023-08-29T09:18:00","guid":{"rendered":"http:\/\/www.amicsdelcamell.cat\/inici\/?p=1057"},"modified":"2024-01-27T16:17:08","modified_gmt":"2024-01-27T16:17:08","slug":"sacosta-la-festa-major23","status":"publish","type":"post","link":"http:\/\/www.amicsdelcamell.cat\/inici\/sacosta-la-festa-major23\/","title":{"rendered":"S&#8217;acosta la Festa Major&#8217;23!"},"content":{"rendered":"\n<p>Tot just queda un mes per la Festa Major de Sant Miquel de 2023 i jo, el Camell, ja estic ben neguit\u00f3s. Fa mesos que veig els meus amics passejant pel local tot fent reunions, manteniment i tasques diverses per tenir-ho tot ben lligat per la setmana de la Festa Major que, com sempre, arriba carregada d&#8217;activitats i actes diferents per a tots els p\u00fablics! <\/p>\n\n\n\n<p>Atenci\u00f3:<\/p>\n\n\n\n<h2><span style=\"color:#ff8000\" class=\"has-inline-color\">Actes infantils<\/span><\/h2>\n\n\n\n<div class=\"wp-block-media-text alignwide is-stacked-on-mobile\"><figure class=\"wp-block-media-text__media\"><a href=\"http:\/\/www.amicsdelcamell.cat\/inici\/actes\/desperta-el-camell\/\"><img loading=\"lazy\" width=\"1080\" height=\"1080\" src=\"http:\/\/www.amicsdelcamell.cat\/wp-content\/uploads\/2023\/05\/4-1024x1024.png\" alt=\"\" class=\"wp-image-1058 size-full\" srcset=\"http:\/\/www.amicsdelcamell.cat\/wp-content\/uploads\/2023\/05\/4-1024x1024.png 1024w, http:\/\/www.amicsdelcamell.cat\/wp-content\/uploads\/2023\/05\/4-300x300.png 300w, http:\/\/www.amicsdelcamell.cat\/wp-content\/uploads\/2023\/05\/4-150x150.png 150w, http:\/\/www.amicsdelcamell.cat\/wp-content\/uploads\/2023\/05\/4-768x768.png 768w, http:\/\/www.amicsdelcamell.cat\/wp-content\/uploads\/2023\/05\/4.png 1080w\" sizes=\"(max-width: 709px) 85vw, (max-width: 909px) 67vw, (max-width: 1362px) 62vw, 840px\" \/><\/a><\/figure><div class=\"wp-block-media-text__content\">\n<p class=\"has-large-font-size\">Desperta el Camell<\/p>\n\n\n\n<p><a href=\"http:\/\/www.amicsdelcamell.cat\/inici\/actes\/desperta-el-camell\/\" data-type=\"page\" data-id=\"64\">L&#8217;acte infantil dels Amics del Camell per excel\u00b7l\u00e8ncia<\/a>. Dissabte abans de Festa Major els m\u00e9s menuts de la Vila podran despertar el Camell al Pati de Ca n&#8217;Ametller gaudint d&#8217;una gimcana de jocs i activitats amb el Camell com a centre d&#8217;inter\u00e8s. <\/p>\n<\/div><\/div>\n\n\n\n<p>Caldr\u00e0 fer una petita aportaci\u00f3 de 3\u20ac per infant per realitzar les activitats i obtenir l&#8217;obsequi final. Aquesta aportaci\u00f3 ajudar\u00e0 als Amics del Camell a sufragar les despeses dels actes de la Festa Major. <\/p>\n\n\n\n<p>Al pati tamb\u00e9 hi trobareu una barra de bar amb begudes fresques i alguna cosa per picar i una botiga on equipar-te amb tot el que necessites per gaudir al m\u00e0xim dels actes de foc! <\/p>\n\n\n\n<div class=\"wp-block-media-text alignwide has-media-on-the-right is-stacked-on-mobile\"><figure class=\"wp-block-media-text__media\"><a href=\"http:\/\/www.amicsdelcamell.cat\/inici\/actes\/xumet-al-camell\/\"><img loading=\"lazy\" width=\"1024\" height=\"1024\" src=\"http:\/\/www.amicsdelcamell.cat\/wp-content\/uploads\/2023\/05\/5-1024x1024.png\" alt=\"\" class=\"wp-image-1059 size-full\" srcset=\"http:\/\/www.amicsdelcamell.cat\/wp-content\/uploads\/2023\/05\/5-1024x1024.png 1024w, http:\/\/www.amicsdelcamell.cat\/wp-content\/uploads\/2023\/05\/5-300x300.png 300w, http:\/\/www.amicsdelcamell.cat\/wp-content\/uploads\/2023\/05\/5-150x150.png 150w, http:\/\/www.amicsdelcamell.cat\/wp-content\/uploads\/2023\/05\/5-768x768.png 768w, http:\/\/www.amicsdelcamell.cat\/wp-content\/uploads\/2023\/05\/5.png 1080w\" sizes=\"(max-width: 709px) 85vw, (max-width: 909px) 67vw, (max-width: 1362px) 62vw, 840px\" \/><\/a><\/figure><div class=\"wp-block-media-text__content\">\n<p class=\"has-large-font-size\">Dona el xumet al Camell<\/p>\n\n\n\n<p>El dissabte de Festa Major al mat\u00ed podreu venir a veure el Camell a la Pla\u00e7a de la Llibertat. Els m\u00e9s menuts podran<a href=\"http:\/\/www.amicsdelcamell.cat\/inici\/actes\/xumet-al-camell\/\" data-type=\"page\" data-id=\"66\"> donar el xumet<\/a> al Camell per demostrar que ja s&#8217;han fet grans i rebran un diploma i un obsequi a canvi. <\/p>\n<\/div><\/div>\n\n\n\n<p>Al xumet, tamb\u00e9 hi trobareu tot el que necessiteu per gaudir dels Corre-cuites de la tarda i del vespre!<\/p>\n\n\n\n<h2><span style=\"color:#ff8000\" class=\"has-inline-color\">Actes de foc <\/span><\/h2>\n\n\n\n<div class=\"wp-block-media-text alignwide is-stacked-on-mobile\"><figure class=\"wp-block-media-text__media\"><a href=\"http:\/\/www.amicsdelcamell.cat\/inici\/petitcamell\/\"><img loading=\"lazy\" width=\"1024\" height=\"1024\" src=\"http:\/\/www.amicsdelcamell.cat\/wp-content\/uploads\/2023\/05\/3-1024x1024.png\" alt=\"\" class=\"wp-image-1060 size-full\" srcset=\"http:\/\/www.amicsdelcamell.cat\/wp-content\/uploads\/2023\/05\/3-1024x1024.png 1024w, http:\/\/www.amicsdelcamell.cat\/wp-content\/uploads\/2023\/05\/3-300x300.png 300w, http:\/\/www.amicsdelcamell.cat\/wp-content\/uploads\/2023\/05\/3-150x150.png 150w, http:\/\/www.amicsdelcamell.cat\/wp-content\/uploads\/2023\/05\/3-768x768.png 768w, http:\/\/www.amicsdelcamell.cat\/wp-content\/uploads\/2023\/05\/3.png 1080w\" sizes=\"(max-width: 709px) 85vw, (max-width: 909px) 67vw, (max-width: 1362px) 62vw, 840px\" \/><\/a><\/figure><div class=\"wp-block-media-text__content\">\n<p class=\"has-large-font-size\">Corre-cuita del Petit Camell<\/p>\n\n\n\n<p>El<a href=\"http:\/\/www.amicsdelcamell.cat\/inici\/petitcamell\/\" data-type=\"page\" data-id=\"28\"> Petit Camell <\/a>sortir\u00e0 pel carrer\u00f3 del Camell (l&#8217;Enric Granados) per empaitar els culs dels m\u00e9s menuts i menudes de la vila.<\/p>\n<\/div><\/div>\n\n\n\n<p>Com sempre, el Petit sortir\u00e0 acompanyat dels Grallers de Molins de Rei interpretant &#8220;La Pres\u00f3 del Rei de Fran\u00e7a&#8221; de la Company\u00eda El\u00e8ctrica Dharma i far\u00e0 el <a href=\"http:\/\/www.amicsdelcamell.cat\/wp-content\/uploads\/2023\/08\/PETIT.png\" data-type=\"URL\" data-id=\"http:\/\/www.amicsdelcamell.cat\/wp-content\/uploads\/2023\/08\/PETIT.png\">recorregut habitual<\/a> pels carrers m\u00e9s c\u00e8ntrics i continuar\u00e0 sorprenent a tots els participants. Si l&#8217;acompanyeu fins a l&#8217;esgl\u00e9sia, podreu fer-vos una foto de grup a les escales amb tots els camellaires! <\/p>\n\n\n\n<p>Tot i que \u00e9s un acte infantil, els Amics del Camell demanem que no es portin cotxets d&#8217;infants per evitar al m\u00e0xim les caigudes i accidents que provoquen. Cal venir equipats i preparats per a l&#8217;acte, tenint en compte que no deixa de ser un acte de foc amb corredisses. Respecteu la<a href=\"http:\/\/amicsdelcamell.cat\/normativa\/\" data-type=\"URL\" data-id=\"amicsdelcamell.cat\/normativa\/\"> Normativa de Seguretat <\/a>de l&#8217;entitat en tot moment! <\/p>\n\n\n\n<div class=\"wp-block-media-text alignwide has-media-on-the-right is-stacked-on-mobile\"><figure class=\"wp-block-media-text__media\"><a href=\"http:\/\/www.amicsdelcamell.cat\/inici\/correcuites\/matines\/\"><img loading=\"lazy\" width=\"1024\" height=\"1024\" src=\"http:\/\/www.amicsdelcamell.cat\/wp-content\/uploads\/2023\/05\/2-1024x1024.png\" alt=\"\" class=\"wp-image-1062 size-full\" srcset=\"http:\/\/www.amicsdelcamell.cat\/wp-content\/uploads\/2023\/05\/2-1024x1024.png 1024w, http:\/\/www.amicsdelcamell.cat\/wp-content\/uploads\/2023\/05\/2-300x300.png 300w, http:\/\/www.amicsdelcamell.cat\/wp-content\/uploads\/2023\/05\/2-150x150.png 150w, http:\/\/www.amicsdelcamell.cat\/wp-content\/uploads\/2023\/05\/2-768x768.png 768w, http:\/\/www.amicsdelcamell.cat\/wp-content\/uploads\/2023\/05\/2.png 1080w\" sizes=\"(max-width: 709px) 85vw, (max-width: 909px) 67vw, (max-width: 1362px) 62vw, 840px\" \/><\/a><\/figure><div class=\"wp-block-media-text__content\">\n<p class=\"has-large-font-size\">Les <a href=\"http:\/\/www.amicsdelcamell.cat\/inici\/correcuites\/matines\/\" data-type=\"page\" data-id=\"75\">Matines<\/a> de Sant Miquel<\/p>\n\n\n\n<p>Com \u00e9s tradici\u00f3, el Camell sortir\u00e0 del seu cau a les 6.00h del mat\u00ed per despertar i empaitar els molinencs i molinenques el dia de Sant Miquel. Abans hauran passat els Timbalers del Camell pels carrers m\u00e9s c\u00e8ntrics per avisar de l&#8217;arribada imminent de la b\u00e8stia. <\/p>\n<\/div><\/div>\n\n\n\n<p>El Camell far\u00e0 el seu <a href=\"http:\/\/www.amicsdelcamell.cat\/wp-content\/uploads\/2023\/08\/Corre-cuitaFM.png\" data-type=\"URL\" data-id=\"http:\/\/www.amicsdelcamell.cat\/wp-content\/uploads\/2023\/08\/Corre-cuitaFM.png\">recorregut habitual<\/a> acabant tamb\u00e9 al Pati de Ca n&#8217;Ametller, on descansar\u00e0 tan sols un dia. Cal consultar la <a href=\"http:\/\/www.amicsdelcamell.cat\/normativa\/\" data-type=\"URL\" data-id=\"http:\/\/www.amicsdelcamell.cat\/normativa\/\">Normativa de Seguretat <\/a>per poder participar, per\u00f2 tamb\u00e9 si sou ve\u00efns d&#8217;algun carrer del recorregut. <\/p>\n\n\n\n<div class=\"wp-block-media-text alignwide is-stacked-on-mobile\"><figure class=\"wp-block-media-text__media\"><a href=\"http:\/\/www.amicsdelcamell.cat\/inici\/correcuites\/festa-major\/\"><img loading=\"lazy\" width=\"1024\" height=\"1024\" src=\"http:\/\/www.amicsdelcamell.cat\/wp-content\/uploads\/2023\/05\/1-1024x1024.png\" alt=\"\" class=\"wp-image-1063 size-full\" srcset=\"http:\/\/www.amicsdelcamell.cat\/wp-content\/uploads\/2023\/05\/1-1024x1024.png 1024w, http:\/\/www.amicsdelcamell.cat\/wp-content\/uploads\/2023\/05\/1-300x300.png 300w, http:\/\/www.amicsdelcamell.cat\/wp-content\/uploads\/2023\/05\/1-150x150.png 150w, http:\/\/www.amicsdelcamell.cat\/wp-content\/uploads\/2023\/05\/1-768x768.png 768w, http:\/\/www.amicsdelcamell.cat\/wp-content\/uploads\/2023\/05\/1.png 1080w\" sizes=\"(max-width: 709px) 85vw, (max-width: 909px) 67vw, (max-width: 1362px) 62vw, 840px\" \/><\/a><\/figure><div class=\"wp-block-media-text__content\">\n<p class=\"has-large-font-size\"><a href=\"http:\/\/www.amicsdelcamell.cat\/inici\/correcuites\/festa-major\/\" data-type=\"page\" data-id=\"77\">Corre-cuita <\/a>del Camell i Sarau d&#8217;Espurnes<\/p>\n\n\n\n<p>42\u00e8 Corre-cuita del Camell i Sarau d&#8217;Espurnes. <\/p>\n<\/div><\/div>\n\n\n\n<p>El Camell tornar\u00e0 a irrompre a la Pla\u00e7a de la Vila des del carrer\u00f3 del Camell (Enric Granados) a ritme de &#8220;La Pres\u00f3 del Rei de Fran\u00e7a&#8221;, de la Companyia El\u00e8ctrica Dharma, aquesta vegada enllaunada. Tot i que <strong>la can\u00e7\u00f3 que sona actualment a la Pla\u00e7a va ser gravada a la mateixa pla\u00e7a quan, en motiu del 40\u00e8 aniversari, la banda va venir a tocar en directe durant la sortida del Camell. <\/strong><\/p>\n\n\n\n<p>El Camell far\u00e0 el <a href=\"http:\/\/www.amicsdelcamell.cat\/wp-content\/uploads\/2023\/08\/Corre-cuitaFM.png\" data-type=\"URL\" data-id=\"http:\/\/www.amicsdelcamell.cat\/wp-content\/uploads\/2023\/08\/Corre-cuitaFM.png\"><strong>recorregut habitual<\/strong> <\/a>pels carrers de la vila i la distribuci\u00f3 de la Pla\u00e7a de l&#8217;Ajuntament ser\u00e0 la dels darrers anys. <strong>Estan prohibits els cotxets d&#8217;infants a tota la pla\u00e7a i durant tot el recorregut<\/strong>. La <strong>ZONA DE FOC \u00e9s la zona per on passen Camell i Diables<\/strong>, aix\u00ed com tamb\u00e9 on crema la traca del Sarau d&#8217;Espurnes. Tot i aix\u00ed, <strong>res impedeix que les espurnes arribin a la ZONA DE NO FOC, <\/strong>cal venir ben protegit independentment d&#8217;on vulgueu col\u00b7locar-vos. Tamb\u00e9 \u00e9s molt important consultar la <a href=\"http:\/\/www.amicsdelcamell.cat\/normativa\/\" data-type=\"URL\" data-id=\"http:\/\/www.amicsdelcamell.cat\/normativa\/\">Normativa de Seguretat<\/a> abans de venir o si ets ve\u00ed dels carrers del recorregut. <\/p>\n\n\n\n<p>Aix\u00ed doncs, aprofitem aquest article per recordar que tots els Amics del Camell som persones volunt\u00e0ries que vetllem pel bon funcionament del Corre-cuita i de tots els actes que organitzem, per\u00f2 que no podem preveure ni evitar els comportaments irresponsables del p\u00fablic. Cal actuar sempre amb seny i prud\u00e8ncia i gaudint de la festa! <\/p>\n\n\n\n<figure class=\"wp-block-image size-large\"><img loading=\"lazy\" width=\"724\" height=\"1024\" src=\"http:\/\/www.amicsdelcamell.cat\/wp-content\/uploads\/2023\/08\/CartellFM23Miquel-Pellicer-724x1024.png\" alt=\"\" class=\"wp-image-1125\" srcset=\"http:\/\/www.amicsdelcamell.cat\/wp-content\/uploads\/2023\/08\/CartellFM23Miquel-Pellicer-724x1024.png 724w, http:\/\/www.amicsdelcamell.cat\/wp-content\/uploads\/2023\/08\/CartellFM23Miquel-Pellicer-212x300.png 212w, http:\/\/www.amicsdelcamell.cat\/wp-content\/uploads\/2023\/08\/CartellFM23Miquel-Pellicer-768x1086.png 768w, http:\/\/www.amicsdelcamell.cat\/wp-content\/uploads\/2023\/08\/CartellFM23Miquel-Pellicer-1086x1536.png 1086w, http:\/\/www.amicsdelcamell.cat\/wp-content\/uploads\/2023\/08\/CartellFM23Miquel-Pellicer-1200x1697.png 1200w, http:\/\/www.amicsdelcamell.cat\/wp-content\/uploads\/2023\/08\/CartellFM23Miquel-Pellicer.png 1414w\" sizes=\"(max-width: 709px) 85vw, (max-width: 909px) 67vw, (max-width: 984px) 61vw, (max-width: 1362px) 45vw, 600px\" \/><figcaption>Cartell dels Actes camellaires de la Festa Major de Sant Miquel 2023 (Miquel Pellicer)<\/figcaption><\/figure>\n","protected":false},"excerpt":{"rendered":"<p>Tot just queda un mes per la Festa Major de Sant Miquel de 2023 i jo, el Camell, ja estic ben neguit\u00f3s. Fa mesos que veig els meus amics passejant pel local tot fent reunions, manteniment i tasques diverses per tenir-ho tot ben lligat per la setmana de la Festa Major que, com sempre, arriba &hellip; <a href=\"http:\/\/www.amicsdelcamell.cat\/inici\/sacosta-la-festa-major23\/\" class=\"more-link\">Continua llegint <span class=\"screen-reader-text\">\u00abS&#8217;acosta la Festa Major&#8217;23!\u00bb<\/span><\/a><\/p>\n","protected":false},"author":2,"featured_media":1125,"comment_status":"closed","ping_status":"closed","sticky":false,"template":"","format":"standard","meta":[],"categories":[1],"tags":[11,20,22,23,18,21,19],"_links":{"self":[{"href":"http:\/\/www.amicsdelcamell.cat\/inici\/wp-json\/wp\/v2\/posts\/1057"}],"collection":[{"href":"http:\/\/www.amicsdelcamell.cat\/inici\/wp-json\/wp\/v2\/posts"}],"about":[{"href":"http:\/\/www.amicsdelcamell.cat\/inici\/wp-json\/wp\/v2\/types\/post"}],"author":[{"embeddable":true,"href":"http:\/\/www.amicsdelcamell.cat\/inici\/wp-json\/wp\/v2\/users\/2"}],"replies":[{"embeddable":true,"href":"http:\/\/www.amicsdelcamell.cat\/inici\/wp-json\/wp\/v2\/comments?post=1057"}],"version-history":[{"count":7,"href":"http:\/\/www.amicsdelcamell.cat\/inici\/wp-json\/wp\/v2\/posts\/1057\/revisions"}],"predecessor-version":[{"id":1126,"href":"http:\/\/www.amicsdelcamell.cat\/inici\/wp-json\/wp\/v2\/posts\/1057\/revisions\/1126"}],"wp:featuredmedia":[{"embeddable":true,"href":"http:\/\/www.amicsdelcamell.cat\/inici\/wp-json\/wp\/v2\/media\/1125"}],"wp:attachment":[{"href":"http:\/\/www.amicsdelcamell.cat\/inici\/wp-json\/wp\/v2\/media?parent=1057"}],"wp:term":[{"taxonomy":"category","embeddable":true,"href":"http:\/\/www.amicsdelcamell.cat\/inici\/wp-json\/wp\/v2\/categories?post=1057"},{"taxonomy":"post_tag","embeddable":true,"href":"http:\/\/www.amicsdelcamell.cat\/inici\/wp-json\/wp\/v2\/tags?post=1057"}],"curies":[{"name":"wp","href":"https:\/\/api.w.org\/{rel}","templated":true}]}}