{"id":1054,"date":"2023-06-26T13:49:15","date_gmt":"2023-06-26T13:49:15","guid":{"rendered":"http:\/\/www.amicsdelcamell.cat\/inici\/?p=1054"},"modified":"2023-06-26T13:49:16","modified_gmt":"2023-06-26T13:49:16","slug":"el-camell-va-a-cardedeu","status":"publish","type":"post","link":"http:\/\/www.amicsdelcamell.cat\/inici\/el-camell-va-a-cardedeu\/","title":{"rendered":"El Camell va a Cardedeu"},"content":{"rendered":"\n<p>Aquesta setmana el Camell sortir\u00e0 de Molins de Rei, altra vegada, per anar a Cardedeu el proper 1 de juliol a participar de la Nit del Foc. <\/p>\n\n\n\n<p>El Camell far\u00e0 un petit Corre-cuita pels carrers del centre de Cardedeu despr\u00e9s de la Llegenda del Verro que interpeten els Diables de Cardedeu i seguit dels Diables de Granollers, que tamb\u00e9 faran el seu correfoc. <\/p>\n\n\n\n<p>Tothom qui vulgui venir est\u00e0 convidad\u00edssim a c\u00f3rrer el Camell i, sobretot, a sopar abans a la Pla\u00e7a al sopar popular que organitzen els amics dels Diables de Cardedeu! Si ho voleu podeu comprar els tiquets per al sopar anticipadament en aquest enlla\u00e7: <a href=\"https:\/\/www.eventbrite.com\/e\/entradas-festa-del-foc-cardedeu-658452929437\">https:\/\/www.eventbrite.com\/e\/entradas-festa-del-foc-cardedeu-658452929437<\/a><\/p>\n\n\n\n<p>Despr\u00e9s del Corre-cuita i el Correfoc hi haur\u00e0 festa popular amb en Joan Garriga i el Mariatxi Gal\u00e0ctic. <\/p>\n\n\n\n<p>Tamb\u00e9 \u00e9s important que tinguem presents les <a href=\"http:\/\/www.amicsdelcamell.cat\/inici\/normativa\/\" data-type=\"URL\" data-id=\"http:\/\/www.amicsdelcamell.cat\/inici\/normativa\/\">normes de seguretat<\/a>, no serem a Molins, per\u00f2 la normativa de seguretat \u00e9s la mateixa! <\/p>\n","protected":false},"excerpt":{"rendered":"<p>Aquesta setmana el Camell sortir\u00e0 de Molins de Rei, altra vegada, per anar a Cardedeu el proper 1 de juliol a participar de la Nit del Foc. El Camell far\u00e0 un petit Corre-cuita pels carrers del centre de Cardedeu despr\u00e9s de la Llegenda del Verro que interpeten els Diables de Cardedeu i seguit dels Diables &hellip; <a href=\"http:\/\/www.amicsdelcamell.cat\/inici\/el-camell-va-a-cardedeu\/\" class=\"more-link\">Continua llegint <span class=\"screen-reader-text\">\u00abEl Camell va a Cardedeu\u00bb<\/span><\/a><\/p>\n","protected":false},"author":2,"featured_media":1097,"comment_status":"closed","ping_status":"closed","sticky":false,"template":"","format":"standard","meta":[],"categories":[1],"tags":[17],"_links":{"self":[{"href":"http:\/\/www.amicsdelcamell.cat\/inici\/wp-json\/wp\/v2\/posts\/1054"}],"collection":[{"href":"http:\/\/www.amicsdelcamell.cat\/inici\/wp-json\/wp\/v2\/posts"}],"about":[{"href":"http:\/\/www.amicsdelcamell.cat\/inici\/wp-json\/wp\/v2\/types\/post"}],"author":[{"embeddable":true,"href":"http:\/\/www.amicsdelcamell.cat\/inici\/wp-json\/wp\/v2\/users\/2"}],"replies":[{"embeddable":true,"href":"http:\/\/www.amicsdelcamell.cat\/inici\/wp-json\/wp\/v2\/comments?post=1054"}],"version-history":[{"count":2,"href":"http:\/\/www.amicsdelcamell.cat\/inici\/wp-json\/wp\/v2\/posts\/1054\/revisions"}],"predecessor-version":[{"id":1098,"href":"http:\/\/www.amicsdelcamell.cat\/inici\/wp-json\/wp\/v2\/posts\/1054\/revisions\/1098"}],"wp:featuredmedia":[{"embeddable":true,"href":"http:\/\/www.amicsdelcamell.cat\/inici\/wp-json\/wp\/v2\/media\/1097"}],"wp:attachment":[{"href":"http:\/\/www.amicsdelcamell.cat\/inici\/wp-json\/wp\/v2\/media?parent=1054"}],"wp:term":[{"taxonomy":"category","embeddable":true,"href":"http:\/\/www.amicsdelcamell.cat\/inici\/wp-json\/wp\/v2\/categories?post=1054"},{"taxonomy":"post_tag","embeddable":true,"href":"http:\/\/www.amicsdelcamell.cat\/inici\/wp-json\/wp\/v2\/tags?post=1054"}],"curies":[{"name":"wp","href":"https:\/\/api.w.org\/{rel}","templated":true}]}}