{"id":1045,"date":"2023-04-27T16:53:44","date_gmt":"2023-04-27T16:53:44","guid":{"rendered":"http:\/\/www.amicsdelcamell.cat\/inici\/?p=1045"},"modified":"2023-06-26T13:50:06","modified_gmt":"2023-06-26T13:50:06","slug":"el-camell-va-al-palau-sant-jordi","status":"publish","type":"post","link":"http:\/\/www.amicsdelcamell.cat\/inici\/el-camell-va-al-palau-sant-jordi\/","title":{"rendered":"El Camell va al Palau Sant Jordi"},"content":{"rendered":"\n<p>El dissabte 22 d&#8217;abril de 2023 la Companyia El\u00e8ctrica Dharma va celebrar els seus 50 anys als escenaris al Palau Sant Jordi de Barcelona i va convidar el Camell a participar-hi. <\/p>\n\n\n\n<figure class=\"wp-block-embed is-type-video is-provider-youtube wp-block-embed-youtube wp-embed-aspect-16-9 wp-has-aspect-ratio\"><div class=\"wp-block-embed__wrapper\">\n<iframe loading=\"lazy\" title=\"El Camell crema el Palau Sant Jordi per celebrar els 50 anys als escenaris de la Dharma\" width=\"840\" height=\"473\" src=\"https:\/\/www.youtube.com\/embed\/5iWgDP-g0qU?feature=oembed\" frameborder=\"0\" allow=\"accelerometer; autoplay; clipboard-write; encrypted-media; gyroscope; picture-in-picture; web-share\" allowfullscreen><\/iframe>\n<\/div><\/figure>\n\n\n\n<p>Despr\u00e9s de diverses visites de la banda a la Pla\u00e7a de l&#8217;Ajuntament per acompanyar el Camell a la sortida del Corre-cuita de Festa Major (25\u00e8 i 40\u00e8 aniversari de la b\u00e8stia), ara ha estat el Camell qui ha acompanyat l&#8217;El\u00e8ctrica Dharma a tancar el seu gran concert. <\/p>\n\n\n\n<figure class=\"wp-block-gallery columns-3 is-cropped\"><ul class=\"blocks-gallery-grid\"><li class=\"blocks-gallery-item\"><figure><img loading=\"lazy\" width=\"1024\" height=\"683\" src=\"http:\/\/www.amicsdelcamell.cat\/wp-content\/uploads\/2023\/04\/50-anys-de-la-Dharma-al-Palau-Sant-jordi-22-4-23-@jordicosta1425-19-1024x683.jpg\" alt=\"\" data-id=\"1035\" data-link=\"http:\/\/www.amicsdelcamell.cat\/inici\/?attachment_id=1035\" class=\"wp-image-1035\" srcset=\"http:\/\/www.amicsdelcamell.cat\/wp-content\/uploads\/2023\/04\/50-anys-de-la-Dharma-al-Palau-Sant-jordi-22-4-23-@jordicosta1425-19-1024x683.jpg 1024w, http:\/\/www.amicsdelcamell.cat\/wp-content\/uploads\/2023\/04\/50-anys-de-la-Dharma-al-Palau-Sant-jordi-22-4-23-@jordicosta1425-19-300x200.jpg 300w, http:\/\/www.amicsdelcamell.cat\/wp-content\/uploads\/2023\/04\/50-anys-de-la-Dharma-al-Palau-Sant-jordi-22-4-23-@jordicosta1425-19-768x512.jpg 768w, http:\/\/www.amicsdelcamell.cat\/wp-content\/uploads\/2023\/04\/50-anys-de-la-Dharma-al-Palau-Sant-jordi-22-4-23-@jordicosta1425-19-1536x1024.jpg 1536w, http:\/\/www.amicsdelcamell.cat\/wp-content\/uploads\/2023\/04\/50-anys-de-la-Dharma-al-Palau-Sant-jordi-22-4-23-@jordicosta1425-19-2048x1366.jpg 2048w, http:\/\/www.amicsdelcamell.cat\/wp-content\/uploads\/2023\/04\/50-anys-de-la-Dharma-al-Palau-Sant-jordi-22-4-23-@jordicosta1425-19-1200x800.jpg 1200w\" sizes=\"(max-width: 709px) 85vw, (max-width: 909px) 67vw, (max-width: 1362px) 62vw, 840px\" \/><\/figure><\/li><li class=\"blocks-gallery-item\"><figure><img loading=\"lazy\" width=\"1024\" height=\"683\" src=\"http:\/\/www.amicsdelcamell.cat\/wp-content\/uploads\/2023\/04\/50-anys-de-la-Dharma-al-Palau-Sant-jordi-22-4-23-@jordicosta1425-2-1024x683.jpg\" alt=\"\" data-id=\"1036\" data-link=\"http:\/\/www.amicsdelcamell.cat\/inici\/?attachment_id=1036\" class=\"wp-image-1036\" srcset=\"http:\/\/www.amicsdelcamell.cat\/wp-content\/uploads\/2023\/04\/50-anys-de-la-Dharma-al-Palau-Sant-jordi-22-4-23-@jordicosta1425-2-1024x683.jpg 1024w, http:\/\/www.amicsdelcamell.cat\/wp-content\/uploads\/2023\/04\/50-anys-de-la-Dharma-al-Palau-Sant-jordi-22-4-23-@jordicosta1425-2-300x200.jpg 300w, http:\/\/www.amicsdelcamell.cat\/wp-content\/uploads\/2023\/04\/50-anys-de-la-Dharma-al-Palau-Sant-jordi-22-4-23-@jordicosta1425-2-768x512.jpg 768w, http:\/\/www.amicsdelcamell.cat\/wp-content\/uploads\/2023\/04\/50-anys-de-la-Dharma-al-Palau-Sant-jordi-22-4-23-@jordicosta1425-2-1536x1024.jpg 1536w, http:\/\/www.amicsdelcamell.cat\/wp-content\/uploads\/2023\/04\/50-anys-de-la-Dharma-al-Palau-Sant-jordi-22-4-23-@jordicosta1425-2-2048x1365.jpg 2048w, http:\/\/www.amicsdelcamell.cat\/wp-content\/uploads\/2023\/04\/50-anys-de-la-Dharma-al-Palau-Sant-jordi-22-4-23-@jordicosta1425-2-1200x800.jpg 1200w\" sizes=\"(max-width: 709px) 85vw, (max-width: 909px) 67vw, (max-width: 1362px) 62vw, 840px\" \/><\/figure><\/li><li class=\"blocks-gallery-item\"><figure><img loading=\"lazy\" width=\"1024\" height=\"682\" src=\"http:\/\/www.amicsdelcamell.cat\/wp-content\/uploads\/2023\/04\/GilAyats_Dharma22-04-23-2023-04-26-at-22.36.08-5-1024x682.jpeg\" alt=\"\" data-id=\"1037\" data-full-url=\"http:\/\/www.amicsdelcamell.cat\/wp-content\/uploads\/2023\/04\/GilAyats_Dharma22-04-23-2023-04-26-at-22.36.08-5.jpeg\" data-link=\"http:\/\/www.amicsdelcamell.cat\/inici\/?attachment_id=1037\" class=\"wp-image-1037\" srcset=\"http:\/\/www.amicsdelcamell.cat\/wp-content\/uploads\/2023\/04\/GilAyats_Dharma22-04-23-2023-04-26-at-22.36.08-5-1024x682.jpeg 1024w, http:\/\/www.amicsdelcamell.cat\/wp-content\/uploads\/2023\/04\/GilAyats_Dharma22-04-23-2023-04-26-at-22.36.08-5-300x200.jpeg 300w, http:\/\/www.amicsdelcamell.cat\/wp-content\/uploads\/2023\/04\/GilAyats_Dharma22-04-23-2023-04-26-at-22.36.08-5-768x512.jpeg 768w, http:\/\/www.amicsdelcamell.cat\/wp-content\/uploads\/2023\/04\/GilAyats_Dharma22-04-23-2023-04-26-at-22.36.08-5-1536x1023.jpeg 1536w, http:\/\/www.amicsdelcamell.cat\/wp-content\/uploads\/2023\/04\/GilAyats_Dharma22-04-23-2023-04-26-at-22.36.08-5-1200x800.jpeg 1200w, http:\/\/www.amicsdelcamell.cat\/wp-content\/uploads\/2023\/04\/GilAyats_Dharma22-04-23-2023-04-26-at-22.36.08-5.jpeg 1600w\" sizes=\"(max-width: 709px) 85vw, (max-width: 909px) 67vw, (max-width: 1362px) 62vw, 840px\" \/><\/figure><\/li><li class=\"blocks-gallery-item\"><figure><img loading=\"lazy\" width=\"1024\" height=\"682\" src=\"http:\/\/www.amicsdelcamell.cat\/wp-content\/uploads\/2023\/04\/GilAyats_Dharma22-04-23-2023-04-26-at-22.36.08-1-1024x682.jpeg\" alt=\"\" data-id=\"1038\" data-full-url=\"http:\/\/www.amicsdelcamell.cat\/wp-content\/uploads\/2023\/04\/GilAyats_Dharma22-04-23-2023-04-26-at-22.36.08-1.jpeg\" data-link=\"http:\/\/www.amicsdelcamell.cat\/inici\/?attachment_id=1038\" class=\"wp-image-1038\" srcset=\"http:\/\/www.amicsdelcamell.cat\/wp-content\/uploads\/2023\/04\/GilAyats_Dharma22-04-23-2023-04-26-at-22.36.08-1-1024x682.jpeg 1024w, http:\/\/www.amicsdelcamell.cat\/wp-content\/uploads\/2023\/04\/GilAyats_Dharma22-04-23-2023-04-26-at-22.36.08-1-300x200.jpeg 300w, http:\/\/www.amicsdelcamell.cat\/wp-content\/uploads\/2023\/04\/GilAyats_Dharma22-04-23-2023-04-26-at-22.36.08-1-768x512.jpeg 768w, http:\/\/www.amicsdelcamell.cat\/wp-content\/uploads\/2023\/04\/GilAyats_Dharma22-04-23-2023-04-26-at-22.36.08-1-1536x1023.jpeg 1536w, http:\/\/www.amicsdelcamell.cat\/wp-content\/uploads\/2023\/04\/GilAyats_Dharma22-04-23-2023-04-26-at-22.36.08-1-1200x800.jpeg 1200w, http:\/\/www.amicsdelcamell.cat\/wp-content\/uploads\/2023\/04\/GilAyats_Dharma22-04-23-2023-04-26-at-22.36.08-1.jpeg 1600w\" sizes=\"(max-width: 709px) 85vw, (max-width: 909px) 67vw, (max-width: 1362px) 62vw, 840px\" \/><\/figure><\/li><li class=\"blocks-gallery-item\"><figure><img loading=\"lazy\" width=\"1024\" height=\"682\" src=\"http:\/\/www.amicsdelcamell.cat\/wp-content\/uploads\/2023\/04\/GilAyats_Dharma22-04-23-2023-04-26-at-22.36.08-4-1024x682.jpeg\" alt=\"\" data-id=\"1039\" data-full-url=\"http:\/\/www.amicsdelcamell.cat\/wp-content\/uploads\/2023\/04\/GilAyats_Dharma22-04-23-2023-04-26-at-22.36.08-4.jpeg\" data-link=\"http:\/\/www.amicsdelcamell.cat\/inici\/?attachment_id=1039\" class=\"wp-image-1039\" srcset=\"http:\/\/www.amicsdelcamell.cat\/wp-content\/uploads\/2023\/04\/GilAyats_Dharma22-04-23-2023-04-26-at-22.36.08-4-1024x682.jpeg 1024w, http:\/\/www.amicsdelcamell.cat\/wp-content\/uploads\/2023\/04\/GilAyats_Dharma22-04-23-2023-04-26-at-22.36.08-4-300x200.jpeg 300w, http:\/\/www.amicsdelcamell.cat\/wp-content\/uploads\/2023\/04\/GilAyats_Dharma22-04-23-2023-04-26-at-22.36.08-4-768x512.jpeg 768w, http:\/\/www.amicsdelcamell.cat\/wp-content\/uploads\/2023\/04\/GilAyats_Dharma22-04-23-2023-04-26-at-22.36.08-4-1536x1023.jpeg 1536w, http:\/\/www.amicsdelcamell.cat\/wp-content\/uploads\/2023\/04\/GilAyats_Dharma22-04-23-2023-04-26-at-22.36.08-4-1200x800.jpeg 1200w, http:\/\/www.amicsdelcamell.cat\/wp-content\/uploads\/2023\/04\/GilAyats_Dharma22-04-23-2023-04-26-at-22.36.08-4.jpeg 1600w\" sizes=\"(max-width: 709px) 85vw, (max-width: 909px) 67vw, (max-width: 1362px) 62vw, 840px\" \/><\/figure><\/li><\/ul><figcaption class=\"blocks-gallery-caption\">Jordi Costa i Gil Ayats<\/figcaption><\/figure>\n\n\n\n<p>El Camell va irrompre a la pista del Palau Sant Jordi amb<em> la Pres\u00f3 del Rei de Fran\u00e7a<\/em>, m\u00e9s coneguda a Molins de Rei com <em>&#8220;la can\u00e7\u00f3 del Camell&#8221;<\/em>, ja que \u00e9s la can\u00e7\u00f3 que hist\u00f2ricament ha acompanyat la sortida de la b\u00e8stia des del 1983, l&#8217;any en qu\u00e8 sortia la can\u00e7\u00f3. <\/p>\n\n\n\n<p>Des de l&#8217;Instagram del Camell es va fer una retransmissi\u00f3 en directe de l&#8217;espectacle on es veu clarament l&#8217;emoci\u00f3 de tots els camellaires que hi van poder participar: <\/p>\n\n\n\n<p><a href=\"https:\/\/www.instagram.com\/p\/CrWrnqIoYYb\/?utm_source=ig_web_button_share_sheet\">https:\/\/www.instagram.com\/p\/CrWrnqIoYYb\/?utm_source=ig_web_button_share_sheet<\/a><\/p>\n\n\n\n<p>TV3 va fer una retransmissi\u00f3 del concert on tamb\u00e9 hi apareix la nostra actuaci\u00f3 i la podeu veure a continuaci\u00f3:<\/p>\n\n\n\n<figure class=\"wp-block-embed is-type-video is-provider-youtube wp-block-embed-youtube wp-embed-aspect-4-3 wp-has-aspect-ratio\"><div class=\"wp-block-embed__wrapper\">\n<iframe loading=\"lazy\" title=\"Camell de Molins de Rei al Palau Sant Jordi amb l&#039;El\u00e8ctrica Dharma\" width=\"840\" height=\"630\" src=\"https:\/\/www.youtube.com\/embed\/N9DZkgGBkIw?feature=oembed\" frameborder=\"0\" allow=\"accelerometer; autoplay; clipboard-write; encrypted-media; gyroscope; picture-in-picture; web-share\" allowfullscreen><\/iframe>\n<\/div><\/figure>\n\n\n\n<p>Si el que voleu \u00e9s recuperar el concert sencer, podeu fer-ho a TV3alacarta: <a href=\"https:\/\/www.ccma.cat\/tv3\/alacarta\/programa\/concert-50-anys-companyia-electrica-dharma-capitol-1\/video\/6216562\/\" data-type=\"URL\" data-id=\"https:\/\/www.ccma.cat\/tv3\/alacarta\/programa\/concert-50-anys-companyia-electrica-dharma-capitol-1\/video\/6216562\/\">Concert 50 anys Companyia El\u00e8ctrica Dharma<\/a><\/p>\n\n\n\n<p>El ViuMolins va fer una cr\u00f2nica de l&#8217;esdeveniment: <a href=\"https:\/\/viumolinsderei.com\/2023\/04\/25\/el-camell-crema-el-sant-jordi-pel-concert-del-50e-aniversari-delectrica-dharma\/\" data-type=\"URL\" data-id=\"https:\/\/viumolinsderei.com\/2023\/04\/25\/el-camell-crema-el-sant-jordi-pel-concert-del-50e-aniversari-delectrica-dharma\/\">&#8220;El Camell crema el Sant Jordi pel concert del 50\u00e8 aniversari d&#8217;El\u00e8ctrica Dharma&#8221;<\/a><\/p>\n\n\n\n<p>Des d&#8217;aqu\u00ed volem tornar a donar les gr\u00e0cies a l&#8217;El\u00e8ctrica Dharma per voler que hi f\u00f3ssim i per fer-ho possible. Per a nosaltres ha estat un gran honor i un moment molt i molt especial! <strong><span style=\"color:#ff8000\" class=\"has-inline-color\">FOR\u00c7A DHARMA I PER MOLTS ANYS! <\/span><\/strong><\/p>\n","protected":false},"excerpt":{"rendered":"<p>El Camell crema el Palau Sant Jordi per celebrar els 50 anys als escenaris de la Companyia El\u00e8ctrica Dharma. <\/p>\n","protected":false},"author":2,"featured_media":1037,"comment_status":"closed","ping_status":"closed","sticky":false,"template":"","format":"standard","meta":[],"categories":[1],"tags":[15,14,16],"_links":{"self":[{"href":"http:\/\/www.amicsdelcamell.cat\/inici\/wp-json\/wp\/v2\/posts\/1045"}],"collection":[{"href":"http:\/\/www.amicsdelcamell.cat\/inici\/wp-json\/wp\/v2\/posts"}],"about":[{"href":"http:\/\/www.amicsdelcamell.cat\/inici\/wp-json\/wp\/v2\/types\/post"}],"author":[{"embeddable":true,"href":"http:\/\/www.amicsdelcamell.cat\/inici\/wp-json\/wp\/v2\/users\/2"}],"replies":[{"embeddable":true,"href":"http:\/\/www.amicsdelcamell.cat\/inici\/wp-json\/wp\/v2\/comments?post=1045"}],"version-history":[{"count":3,"href":"http:\/\/www.amicsdelcamell.cat\/inici\/wp-json\/wp\/v2\/posts\/1045\/revisions"}],"predecessor-version":[{"id":1052,"href":"http:\/\/www.amicsdelcamell.cat\/inici\/wp-json\/wp\/v2\/posts\/1045\/revisions\/1052"}],"wp:featuredmedia":[{"embeddable":true,"href":"http:\/\/www.amicsdelcamell.cat\/inici\/wp-json\/wp\/v2\/media\/1037"}],"wp:attachment":[{"href":"http:\/\/www.amicsdelcamell.cat\/inici\/wp-json\/wp\/v2\/media?parent=1045"}],"wp:term":[{"taxonomy":"category","embeddable":true,"href":"http:\/\/www.amicsdelcamell.cat\/inici\/wp-json\/wp\/v2\/categories?post=1045"},{"taxonomy":"post_tag","embeddable":true,"href":"http:\/\/www.amicsdelcamell.cat\/inici\/wp-json\/wp\/v2\/tags?post=1045"}],"curies":[{"name":"wp","href":"https:\/\/api.w.org\/{rel}","templated":true}]}}